{"id":42160,"date":"2026-03-24T08:22:50","date_gmt":"2026-03-24T08:22:50","guid":{"rendered":"https:\/\/www.grzeskowitz.de\/?p=42160"},"modified":"2026-03-24T08:22:50","modified_gmt":"2026-03-24T08:22:50","slug":"kritisches-denken","status":"publish","type":"post","link":"https:\/\/www.grzeskowitz.de\/en\/kritisches-denken\/","title":{"rendered":"Kritisches Denken: Die wichtigste F\u00e4higkeit, um wirklich frei zu leben"},"content":{"rendered":"\t\t<div data-elementor-type=\"wp-post\" data-elementor-id=\"42160\" class=\"elementor elementor-42160\" data-elementor-post-type=\"post\">\n\t\t\t\t<div class=\"elementor-element elementor-element-b3cae70 e-flex e-con-boxed e-con e-parent\" data-id=\"b3cae70\" data-element_type=\"container\" data-e-type=\"container\">\n\t\t\t\t\t<div class=\"e-con-inner\">\n\t\t\t\t<div class=\"elementor-element elementor-element-970bc07 elementor-widget elementor-widget-text-editor\" data-id=\"970bc07\" data-element_type=\"widget\" data-e-type=\"widget\" data-widget_type=\"text-editor.default\">\n\t\t\t\t\t\t\t\t\t<p class=\"font-claude-response-body break-words whitespace-normal leading-[1.7]\">Wer denkt eigentlich deine Gedanken?<\/p><p class=\"font-claude-response-body break-words whitespace-normal leading-[1.7]\">Wenn dein erster Impuls gerade war, innerlich mit den Augen zu rollen und zu sagen: &#8222;Na, ich, wer denn sonst?&#8220; Dann ist genau das der Grund, warum du diesen Artikel lesen solltest. Denn was wir landl\u00e4ufig als Denken bezeichnen, ist in den meisten F\u00e4llen etwas ganz anderes. Und dieser Unterschied bestimmt, wie frei du wirklich lebst.<\/p><h2 class=\"text-text-100 mt-3 -mb-1 text-[1.125rem] font-bold\">Die Mythen, die wir f\u00fcr Wahrheiten halten<\/h2><p class=\"font-claude-response-body break-words whitespace-normal leading-[1.7]\">In meinem Job als <a href=\"https:\/\/www.grzeskowitz.de\/keynote-speaker\/\" target=\"_blank\" rel=\"noopener\">Keynote-Speaker<\/a> h\u00f6re ich regelm\u00e4\u00dfig Kollegen auf der B\u00fchne, die leidenschaftlich mehr Vor-Denker, Out-of-the-Box-Denker und Kreativ-Denker fordern. Mein erster Gedanke dabei ist jedes Mal derselbe: Es w\u00fcrde mir schon reichen, wenn die Leute \u00fcberhaupt denken w\u00fcrden.<\/p><p class=\"font-claude-response-body break-words whitespace-normal leading-[1.7]\">Kennst du die Mehrabian-Regel? Die besagt, dass Kommunikation zu 55 Prozent \u00fcber K\u00f6rpersprache, zu 38 Prozent \u00fcber Tonalit\u00e4t und nur zu 7 Prozent \u00fcber den Inhalt erfolgt. Fast jeder Kommunikationstrainer zitiert sie. Fast niemand hat gepr\u00fcft, ob sie stimmt.<\/p><p class=\"font-claude-response-body break-words whitespace-normal leading-[1.7]\">Sie stimmt nicht. <a href=\"https:\/\/de.wikipedia.org\/wiki\/Albert_Mehrabian\" target=\"_blank\" rel=\"noopener\">Albert Mehrabian<\/a>, der Namensgeber der Studie, hat diese Interpretation h\u00f6chstpers\u00f6nlich widerlegt.<\/p><p class=\"font-claude-response-body break-words whitespace-normal leading-[1.7]\">Oder die Geschichte von der Hummel, die nach den Gesetzen der Aerodynamik eigentlich gar nicht fliegen kann. Klingt inspirierend, ist aber\u00a0Fantasie. Genauso wie die ber\u00fchmte Yale-Studie von 1957, in der angeblich die drei Prozent der Studenten mit schriftlichen Zielen sp\u00e4ter mehr Verm\u00f6gen angeh\u00e4uft haben als die anderen 97 Prozent zusammen. Diese Studie hat niemals existiert.<\/p><p class=\"font-claude-response-body break-words whitespace-normal leading-[1.7]\">Was all diese Beispiele verbindet: Wir \u00fcbernehmen sie unkritisch, weil sie gut klingen. Weil sie uns best\u00e4tigen, was wir ohnehin schon glauben. Und weil irgendjemand sie uns mit genug \u00dcberzeugung erz\u00e4hlt hat.<\/p><h2 class=\"text-text-100 mt-3 -mb-1 text-[1.125rem] font-bold\">Die Pandemie der Denkfaulheit<\/h2><p class=\"font-claude-response-body break-words whitespace-normal leading-[1.7]\">Was ich hier beschreibe, ist kein Einzelph\u00e4nomen auf B\u00fchnen oder in Sachb\u00fcchern. Es ist ein Muster, das du buchst\u00e4blich \u00fcberall findest. Ich nenne es <em>die Pandemie der Denkfaulheit<\/em>.<\/p><p class=\"font-claude-response-body break-words whitespace-normal leading-[1.7]\">Schau dir mal den Feed deiner favorisierten Social-Media-Plattform an. Artikel, Memes, Spr\u00fcche, Botschaften, geteilt ohne einen Moment kritischer \u00dcberpr\u00fcfung. Oft von genau jenen Menschen, die sich in ihrer Bio als &#8222;Freigeist&#8220; oder &#8222;kritischer Denker&#8220; bezeichnen. Margaret Thatcher hat das Problem bereits beschrieben, auch wenn es damals noch um eine andere Frage ging: <em>Wenn man es erst erkl\u00e4ren muss, ist man es ganz sicher nicht.<\/em><\/p><p class=\"font-claude-response-body break-words whitespace-normal leading-[1.7]\">Das Problem ist systemisch. Politiker, Medien, Konzerne, NGOs und Lobbyisten servieren uns unsere Meinungen mundgerecht mit dem goldenen L\u00f6ffel. Und weil das Denken dadurch so bequem ausgelagert werden kann, machen viele Menschen es schlicht und einfach nicht mehr selbst.<\/p><p class=\"font-claude-response-body break-words whitespace-normal leading-[1.7]\">Dazu kommt der <a href=\"https:\/\/www.grzeskowitz.de\/was-sind-glaubenssaetze\/\" target=\"_blank\" rel=\"noopener\">Confirmation Bias<\/a>. Wir nehmen ohnehin nur die Informationen wahr, die unsere bestehenden \u00dcberzeugungen best\u00e4tigen. Der Rest wird unbewusst weggefiltert. Das Ergebnis ist ein sich selbst verst\u00e4rkender Kreislauf, in dem externe Ideen durch permanente Wiederholung zu dem werden, was wir f\u00fcr unsere eigenen Gedanken halten.<\/p><h2 class=\"text-text-100 mt-3 -mb-1 text-[1.125rem] font-bold\">Die wichtigste Frage des kritischen Denkens<\/h2><p class=\"font-claude-response-body break-words whitespace-normal leading-[1.7]\">Ich nutze in meiner Arbeit als <a href=\"https:\/\/www.grzeskowitz.de\/speaker-coaching\/\" target=\"_blank\" rel=\"noopener\">Coach<\/a> eine einfache, aber \u00fcberaus m\u00e4chtige Technik. Sie f\u00fchrt von der Oberfl\u00e4che einer Meinung direkt zu ihrer Quelle. Die Frage lautet:<\/p><p class=\"font-claude-response-body break-words whitespace-normal leading-[1.7]\"><strong>Woher wei\u00df ich das?<\/strong><\/p><p class=\"font-claude-response-body break-words whitespace-normal leading-[1.7]\">Nimm dir ein kontroverses Thema, Steuerpolitik, Klimawandel, Atomkraft, KI-Einsatz, Frauenquote, und formuliere deinen Standpunkt. Dann frage dich konsequent: Woher wei\u00df ich das, was ich gerade gesagt habe?<\/p><p class=\"font-claude-response-body break-words whitespace-normal leading-[1.7]\">Du wirst feststellen, dass du in vielen F\u00e4llen gar nicht zur Quelle deiner eigenen \u00dcberzeugung gelangst. Du hast etwas geh\u00f6rt, aufgeschnappt, gelesen. Jemand hat es dir erz\u00e4hlt. Und derjenige hat es seinerseits von jemandem \u00fcbernommen, der auch nicht tiefer nachgeforscht hat. Eine Domino-Rallye aus ungepr\u00fcften Behauptungen, die sich irgendwann als allgemein akzeptierte Wahrheit etabliert.<\/p><p class=\"font-claude-response-body break-words whitespace-normal leading-[1.7]\">Das perfekte Beispiel daf\u00fcr sind die ber\u00fchmten Zitate, die im Internet millionenfach Einstein, Goethe oder Steve Jobs zugeschrieben werden, obwohl die meisten davon niemals von diesen Personen stammen. Weil es so sch\u00f6n klingt und der erste Google-Treffer es best\u00e4tigt, h\u00f6rt die Recherche auf. Die falsche Information verbreitet sich weiter.<\/p><h2 class=\"text-text-100 mt-3 -mb-1 text-[1.125rem] font-bold\">Kritisches Denken ist kein Dauerwiderspruch<\/h2><p class=\"font-claude-response-body break-words whitespace-normal leading-[1.7]\">Hier ist ein wichtiger Punkt, den ich ausdr\u00fccklich betonen m\u00f6chte. Kritisches Denken bedeutet nicht, grunds\u00e4tzlich gegen alles zu sein.<\/p><p class=\"font-claude-response-body break-words whitespace-normal leading-[1.7]\">Du kennst diese Zeitgenossen, die ausnahmslos jede Aussage ablehnen, sobald sie aus einer bestimmten politischen Richtung kommt oder von jemandem, der nicht in ihr Weltbild passt. Das ist kein kritisches Denken. Das ist die gleiche Art von unkritischer \u00dcbernahme, nur mit umgekehrtem Vorzeichen.<\/p><p class=\"font-claude-response-body break-words whitespace-normal leading-[1.7]\">Echter kritischer Denker zu werden bedeutet vor allem, die eigenen Gedanken zu hinterfragen. Nicht nur die der anderen. In jeder Diskussion, in jedem Gespr\u00e4ch die M\u00f6glichkeit in Betracht zu ziehen, dass man selbst falschliegen k\u00f6nnte. Das klingt nach Schw\u00e4che. Es ist das Gegenteil. Wer diese Flexibilit\u00e4t entwickelt, wird zum gefragten Gespr\u00e4chspartner, der jedes Gespr\u00e4ch mit einer Qualit\u00e4t bereichert, die die meisten anderen gar nicht kennen.<\/p><h2 class=\"text-text-100 mt-3 -mb-1 text-[1.125rem] font-bold\">Wie du wieder zum Denker deiner eigenen Gedanken wirst<\/h2><p class=\"font-claude-response-body break-words whitespace-normal leading-[1.7]\">Wenn du kritisches Denken aktiv trainieren m\u00f6chtest, sind diese Fragen ein guter Ausgangspunkt. Stell sie dir regelm\u00e4\u00dfig, zu Meinungen, Entscheidungen, \u00dcberzeugungen:<\/p><p class=\"font-claude-response-body break-words whitespace-normal leading-[1.7]\">Ist diese Idee wirklich das Ergebnis meines eigenen Denkprozesses? Oder habe ich sie irgendwo aufgeschnappt und einfach f\u00fcr mich \u00fcbernommen?<\/p><p class=\"font-claude-response-body break-words whitespace-normal leading-[1.7]\">Basieren meine Gedanken auf meinen eigenen <a href=\"https:\/\/www.grzeskowitz.de\/was-sind-werte\/\" target=\"_blank\" rel=\"noopener\">Werten<\/a> und Erfahrungen, oder spiegle ich das wider, was mein Umfeld, meine Medien, meine Bubble f\u00fcr richtig h\u00e4lt?<\/p><p class=\"font-claude-response-body break-words whitespace-normal leading-[1.7]\">Denke ich das, weil ich es wirklich so sehe? Oder weil man es eben so denkt?<\/p><p class=\"font-claude-response-body break-words whitespace-normal leading-[1.7]\">Die ehrliche Antwort auf diese Fragen erfordert Mut. Immanuel Kant hat es pr\u00e4zise auf den Punkt gebracht: &#8222;<em>Hab den Mut, dich deines eigenen Verstandes zu bedienen<\/em>.&#8220; Das war 1784. Aktueller war es nie.<\/p><h2 class=\"text-text-100 mt-3 -mb-1 text-[1.125rem] font-bold\">Warum kritisches Denken direkt mit Freiheit zusammenh\u00e4ngt<\/h2><p class=\"font-claude-response-body break-words whitespace-normal leading-[1.7]\">Je mehr du anf\u00e4ngst, wirklich eigenst\u00e4ndig zu denken, desto mehr entwickelst du deinen eigenen inneren Bullshit-Filter. Er l\u00e4sst dich mit sch\u00f6ner Regelm\u00e4\u00dfigkeit erkennen, wie oft Falschinformationen verbreitet werden, wie h\u00e4ufig Mythen als Fakten durchgehen und wie viele der Meinungen, die in deiner Bubble als selbstverst\u00e4ndlich gelten, eigentlich gar nicht auf deinem eigenen Nachdenken beruhen.<\/p><p class=\"font-claude-response-body break-words whitespace-normal leading-[1.7]\">Und das ist keine abstrakte Erkenntnis. Sie hat direkte Konsequenzen f\u00fcr dein Leben. Wer seine Entscheidungen, seine Karriere, sein Business und seine Lebensgestaltung auf eigenem Denken aufbaut, lebt authentischer. Erf\u00fcllender. Freier.<\/p><p class=\"font-claude-response-body break-words whitespace-normal leading-[1.7]\">Kritisches Denken ist nicht das Hobby von Philosophieprofessoren. Es ist die Voraussetzung f\u00fcr ein Leben, das wirklich deins ist.<\/p><hr class=\"border-border-200 border-t-0.5 my-3 mx-1.5\" \/><p class=\"font-claude-response-body break-words whitespace-normal leading-[1.7]\"><em>Ilja Grzeskowitz ist SPIEGEL-Bestseller-Autor und einer der gefragtesten Keynote-Speaker im deutschsprachigen Raum. Er begleitet Unternehmen wie Mercedes, SAP und Siemens bei Ver\u00e4nderungsprozessen. Sein Buch &#8222;Die Freiheit beginnt im Kopf&#8220; ist bei <a class=\"underline underline underline-offset-2 decoration-1 decoration-current\/40 hover:decoration-current focus:decoration-current\" href=\"https:\/\/amzn.to\/41tDwgH\" target=\"_blank\" rel=\"noopener\">Amazon erh\u00e4ltlich<\/a>.<\/em><\/p>\t\t\t\t\t\t\t\t<\/div>\n\t\t\t\t\t<\/div>\n\t\t\t\t<\/div>\n\t\t\t\t<\/div>\n\t\t","protected":false},"excerpt":{"rendered":"<p>Wer denkt eigentlich deine Gedanken? Wenn dein erster Impuls gerade war, innerlich mit den Augen zu rollen und zu sagen: &#8222;Na, ich, wer denn sonst?&#8220; Dann ist genau das der Grund, warum du diesen Artikel lesen solltest. Denn was wir landl\u00e4ufig als Denken bezeichnen, ist in den meisten F\u00e4llen etwas ganz anderes. Und dieser Unterschied [&hellip;]<\/p>\n","protected":false},"author":2,"featured_media":42165,"comment_status":"open","ping_status":"open","sticky":false,"template":"","format":"standard","meta":{"_acf_changed":false,"footnotes":""},"categories":[1],"tags":[],"class_list":["post-42160","post","type-post","status-publish","format-standard","has-post-thumbnail","hentry","category-uncategorized"],"acf":[],"_links":{"self":[{"href":"https:\/\/www.grzeskowitz.de\/en\/wp-json\/wp\/v2\/posts\/42160","targetHints":{"allow":["GET"]}}],"collection":[{"href":"https:\/\/www.grzeskowitz.de\/en\/wp-json\/wp\/v2\/posts"}],"about":[{"href":"https:\/\/www.grzeskowitz.de\/en\/wp-json\/wp\/v2\/types\/post"}],"author":[{"embeddable":true,"href":"https:\/\/www.grzeskowitz.de\/en\/wp-json\/wp\/v2\/users\/2"}],"replies":[{"embeddable":true,"href":"https:\/\/www.grzeskowitz.de\/en\/wp-json\/wp\/v2\/comments?post=42160"}],"version-history":[{"count":5,"href":"https:\/\/www.grzeskowitz.de\/en\/wp-json\/wp\/v2\/posts\/42160\/revisions"}],"predecessor-version":[{"id":42166,"href":"https:\/\/www.grzeskowitz.de\/en\/wp-json\/wp\/v2\/posts\/42160\/revisions\/42166"}],"wp:featuredmedia":[{"embeddable":true,"href":"https:\/\/www.grzeskowitz.de\/en\/wp-json\/wp\/v2\/media\/42165"}],"wp:attachment":[{"href":"https:\/\/www.grzeskowitz.de\/en\/wp-json\/wp\/v2\/media?parent=42160"}],"wp:term":[{"taxonomy":"category","embeddable":true,"href":"https:\/\/www.grzeskowitz.de\/en\/wp-json\/wp\/v2\/categories?post=42160"},{"taxonomy":"post_tag","embeddable":true,"href":"https:\/\/www.grzeskowitz.de\/en\/wp-json\/wp\/v2\/tags?post=42160"}],"curies":[{"name":"wp","href":"https:\/\/api.w.org\/{rel}","templated":true}]}}